{"id":11007,"date":"2021-04-08T14:31:11","date_gmt":"2021-04-08T12:31:11","guid":{"rendered":"http:\/\/iss.uw.edu.pl\/?p=11007"},"modified":"2021-04-12T14:39:06","modified_gmt":"2021-04-12T12:39:06","slug":"interdyscyplinarne-seminarium-instytutu-zajonca-2","status":"publish","type":"post","link":"http:\/\/iss.uw.edu.pl\/en\/interdyscyplinarne-seminarium-instytutu-zajonca-2\/","title":{"rendered":"Interdyscyplinarne Seminarium Instytutu Zajonca &#8211; 23.04.2021"},"content":{"rendered":"<p class=\"qtranxs-available-languages-message qtranxs-available-languages-message-en\"><a href=\"http:\/\/iss.uw.edu.pl\/pl\/wp-json\/wp\/v2\/posts\/11007\" class=\"qtranxs-available-language-link qtranxs-available-language-link-pl\" title=\"Polski\">Polski<\/a> For the sake of viewer convenience, the content is shown below in the alternative language. You may click the link to switch the active language.<\/p><p><\/p>\n<p style=\"font-weight: 400\"><span style=\"font-family: helvetica, arial, sans-serif;color: #000000\">Serdecznie zapraszamy na kolejne spotkanie w ramach Interdyscyplinarnego Seminarium Instytutu Zajonca, na kt\u00f3rym go\u015bci\u0107 b\u0119dziemy <span style=\"color: #993300\"><strong>prof. Krystyn\u0119 Iglick\u0105-Ok\u00f3lsk\u0105<\/strong><\/span> z wyst\u0105pieniem pt. <strong><span style=\"color: #993300\">&#8220;Powroty Polak\u00f3w w dobie Brexitu. W p\u0119tli pu\u0142apki migracji?&#8221;<\/span>\u00a0<\/strong>oraz\u00a0<span style=\"color: #993300\"><strong>prof. Paw\u0142a Kaczmarczyka<\/strong><\/span>\u00a0w roli dyskutanta.<\/span><\/p>\n<p style=\"font-weight: 400\"><span style=\"font-family: helvetica, arial, sans-serif;color: #000000\">Seminarium odb\u0119dzie si\u0119\u00a0<span style=\"color: #993300\"><strong>23 kwietnia 2021 r.<\/strong> <\/span>(pi\u0105tek) w godz. 12-13.30\u00a0na platformie Zoom.\u00a0W celu otrzymania linku do spotkania prosimy o kontakt z sekretariatem Instytutu na adres:\u00a0<span style=\"color: #0000ff\"><a style=\"color: #0000ff\" href=\"mailto:iss@uw.edu.pl\">iss(at)uw.edu.pl<\/a>\u00a0<\/span><\/span><\/p>\n<p><span style=\"color: #0000ff\"><a style=\"color: #0000ff\" href=\"http:\/\/iss.uw.edu.pl\/wp-content\/uploads\/sites\/286\/2021\/04\/Abstrakt-wystapienia-prof.-Krystyny-Iglickiej-Okolskiej.pdf\">Abstrakt wyst\u0105pienia prof. Krystyny Iglickiej-Ok\u00f3lskiej<\/a><\/span><\/p>","protected":false},"excerpt":{"rendered":"<p>Polski For the sake of viewer convenience, the content is shown below in the alternative language. You may click the link to switch the active language. Serdecznie zapraszamy na kolejne spotkanie w ramach Interdyscyplinarnego Seminarium Instytutu Zajonca, na kt\u00f3rym go\u015bci\u0107 b\u0119dziemy prof. Krystyn\u0119 Iglick\u0105-Ok\u00f3lsk\u0105 z wyst\u0105pieniem pt. &#8220;Powroty Polak\u00f3w w dobie Brexitu. W p\u0119tli pu\u0142apki migracji?&#8221;\u00a0oraz\u00a0prof. Paw\u0142a Kaczmarczyka\u00a0w roli dyskutanta. Seminarium odb\u0119dzie si\u0119\u00a023 kwietnia 2021 r. (pi\u0105tek) w godz. 12-13.30\u00a0na [&hellip;]<\/p>\n","protected":false},"author":1114,"featured_media":0,"comment_status":"closed","ping_status":"closed","sticky":false,"template":"","format":"standard","meta":{"footnotes":"","_links_to":"","_links_to_target":""},"categories":[1],"tags":[],"class_list":["post-11007","post","type-post","status-publish","format-standard","hentry","category-bez-kategorii"],"acf":[],"_links":{"self":[{"href":"http:\/\/iss.uw.edu.pl\/en\/wp-json\/wp\/v2\/posts\/11007","targetHints":{"allow":["GET"]}}],"collection":[{"href":"http:\/\/iss.uw.edu.pl\/en\/wp-json\/wp\/v2\/posts"}],"about":[{"href":"http:\/\/iss.uw.edu.pl\/en\/wp-json\/wp\/v2\/types\/post"}],"author":[{"embeddable":true,"href":"http:\/\/iss.uw.edu.pl\/en\/wp-json\/wp\/v2\/users\/1114"}],"replies":[{"embeddable":true,"href":"http:\/\/iss.uw.edu.pl\/en\/wp-json\/wp\/v2\/comments?post=11007"}],"version-history":[{"count":5,"href":"http:\/\/iss.uw.edu.pl\/en\/wp-json\/wp\/v2\/posts\/11007\/revisions"}],"predecessor-version":[{"id":11020,"href":"http:\/\/iss.uw.edu.pl\/en\/wp-json\/wp\/v2\/posts\/11007\/revisions\/11020"}],"wp:attachment":[{"href":"http:\/\/iss.uw.edu.pl\/en\/wp-json\/wp\/v2\/media?parent=11007"}],"wp:term":[{"taxonomy":"category","embeddable":true,"href":"http:\/\/iss.uw.edu.pl\/en\/wp-json\/wp\/v2\/categories?post=11007"},{"taxonomy":"post_tag","embeddable":true,"href":"http:\/\/iss.uw.edu.pl\/en\/wp-json\/wp\/v2\/tags?post=11007"}],"curies":[{"name":"wp","href":"https:\/\/api.w.org\/{rel}","templated":true}]}}