{"id":11105,"date":"2021-05-13T21:22:18","date_gmt":"2021-05-13T19:22:18","guid":{"rendered":"http:\/\/iss.uw.edu.pl\/?p=11105"},"modified":"2021-05-13T22:25:58","modified_gmt":"2021-05-13T20:25:58","slug":"interdyscyplinarne-seminarium-instytutu-zajonca-21-05-2021","status":"publish","type":"post","link":"http:\/\/iss.uw.edu.pl\/en\/interdyscyplinarne-seminarium-instytutu-zajonca-21-05-2021\/","title":{"rendered":"Interdyscyplinarne Seminarium Instytutu Zajonca &#8211; 21.05.2021"},"content":{"rendered":"<p><\/p>\n<p style=\"font-weight: 400;text-align: justify\"><span style=\"font-family: helvetica, arial, sans-serif\"><span style=\"color: #000000\">Serdecznie zapraszamy na kolejne spotkanie w ramach Interdyscyplinarnego Seminarium Instytutu Zajonca, na kt\u00f3rym go\u015bci\u0107 b\u0119dziemy <\/span><strong><span style=\"color: #993300\">prof. Miros\u0142awa Koft\u0119 <\/span><\/strong><span style=\"color: #000000\">z wyst\u0105pieniem<br \/>\npt. <strong><span style=\"color: #993300\">\u201eSpiskowa teoria Okr\u0105g\u0142ego Sto\u0142u \u201989 a wsp\u00f3\u0142czesne podzia\u0142y polityczne w Polsce\u201d\u00a0<\/span><\/strong>oraz<span style=\"color: #993300\"><strong> prof. Wies\u0142awa Bary\u0142\u0119<\/strong> <span style=\"color: #000000\">w roli dyskutanta.<\/span><\/span><\/span><\/span><\/p>\n<p style=\"font-weight: 400;text-align: justify\"><span style=\"font-family: helvetica, arial, sans-serif;color: #000000\">Seminarium odb\u0119dzie si\u0119\u00a0<span style=\"color: #993300\"><strong>21 maja 2021 r.<\/strong> <\/span>(pi\u0105tek) w godz. 12-13.30\u00a0na platformie Zoom.\u00a0W celu otrzymania linku do spotkania prosimy o kontakt z sekretariatem Instytutu<br \/>\nna adres: <span style=\"color: #0000ff\"><a style=\"color: #0000ff\" href=\"e.morman@uw.edu.pl\">e.morman@uw.edu.pl<\/a><\/span><\/span><\/p>\n<p style=\"text-align: justify\"><span style=\"font-family: helvetica, arial, sans-serif;color: #0000ff\"><a style=\"color: #0000ff\" href=\"http:\/\/iss.uw.edu.pl\/wp-content\/uploads\/sites\/286\/2021\/05\/Abstrakt-wystapienia-prof.-Miroslawa-Kofty.pdf\">Abstrakt wyst\u0105pienia prof. Miros\u0142awa Kofty<\/a><\/span><\/p>\n<p><\/p>","protected":false},"excerpt":{"rendered":"<p>Serdecznie zapraszamy na kolejne spotkanie w ramach Interdyscyplinarnego Seminarium Instytutu Zajonca, na kt\u00f3rym go\u015bci\u0107 b\u0119dziemy prof. Miros\u0142awa Koft\u0119 z wyst\u0105pieniem pt. \u201eSpiskowa teoria Okr\u0105g\u0142ego Sto\u0142u \u201989 a wsp\u00f3\u0142czesne podzia\u0142y polityczne w Polsce\u201d\u00a0oraz prof. Wies\u0142awa Bary\u0142\u0119 w roli dyskutanta. Seminarium odb\u0119dzie si\u0119\u00a021 maja 2021 r. (pi\u0105tek) w godz. 12-13.30\u00a0na platformie Zoom.\u00a0W celu otrzymania linku do spotkania prosimy o kontakt z sekretariatem Instytutu na adres: e.morman@uw.edu.pl Abstrakt wyst\u0105pienia prof. Miros\u0142awa Kofty<\/p>\n","protected":false},"author":1114,"featured_media":0,"comment_status":"closed","ping_status":"closed","sticky":false,"template":"","format":"standard","meta":{"footnotes":"","_links_to":"","_links_to_target":""},"categories":[1],"tags":[],"class_list":["post-11105","post","type-post","status-publish","format-standard","hentry","category-bez-kategorii"],"acf":[],"_links":{"self":[{"href":"http:\/\/iss.uw.edu.pl\/en\/wp-json\/wp\/v2\/posts\/11105","targetHints":{"allow":["GET"]}}],"collection":[{"href":"http:\/\/iss.uw.edu.pl\/en\/wp-json\/wp\/v2\/posts"}],"about":[{"href":"http:\/\/iss.uw.edu.pl\/en\/wp-json\/wp\/v2\/types\/post"}],"author":[{"embeddable":true,"href":"http:\/\/iss.uw.edu.pl\/en\/wp-json\/wp\/v2\/users\/1114"}],"replies":[{"embeddable":true,"href":"http:\/\/iss.uw.edu.pl\/en\/wp-json\/wp\/v2\/comments?post=11105"}],"version-history":[{"count":17,"href":"http:\/\/iss.uw.edu.pl\/en\/wp-json\/wp\/v2\/posts\/11105\/revisions"}],"predecessor-version":[{"id":11118,"href":"http:\/\/iss.uw.edu.pl\/en\/wp-json\/wp\/v2\/posts\/11105\/revisions\/11118"}],"wp:attachment":[{"href":"http:\/\/iss.uw.edu.pl\/en\/wp-json\/wp\/v2\/media?parent=11105"}],"wp:term":[{"taxonomy":"category","embeddable":true,"href":"http:\/\/iss.uw.edu.pl\/en\/wp-json\/wp\/v2\/categories?post=11105"},{"taxonomy":"post_tag","embeddable":true,"href":"http:\/\/iss.uw.edu.pl\/en\/wp-json\/wp\/v2\/tags?post=11105"}],"curies":[{"name":"wp","href":"https:\/\/api.w.org\/{rel}","templated":true}]}}