{"id":11243,"date":"2021-11-08T10:58:28","date_gmt":"2021-11-08T09:58:28","guid":{"rendered":"http:\/\/iss.uw.edu.pl\/?p=11243"},"modified":"2021-11-08T15:51:49","modified_gmt":"2021-11-08T14:51:49","slug":"interdyscyplinarne-seminarium-instytutu-zajonca-26-11-2021","status":"publish","type":"post","link":"http:\/\/iss.uw.edu.pl\/en\/interdyscyplinarne-seminarium-instytutu-zajonca-26-11-2021\/","title":{"rendered":"Interdyscyplinarne Seminarium Instytutu Zajonca \u2013 26.11.2021"},"content":{"rendered":"<p class=\"qtranxs-available-languages-message qtranxs-available-languages-message-en\"><a href=\"http:\/\/iss.uw.edu.pl\/pl\/wp-json\/wp\/v2\/posts\/11243\" class=\"qtranxs-available-language-link qtranxs-available-language-link-pl\" title=\"Polski\">Polski<\/a> For the sake of viewer convenience, the content is shown below in the alternative language. You may click the link to switch the active language.<\/p><p><\/p>\n<p style=\"text-align: justify\">Serdecznie zapraszamy na kolejne spotkanie w ramach Interdyscyplinarnego Seminarium Instytutu Zajonca, na kt\u00f3rym go\u015bci\u0107 b\u0119dziemy <span style=\"color: #993300\"><strong>dr hab. Tomasza Beste<\/strong>,\u00a0<strong>prof. UG <\/strong><\/span>z wyst\u0105pieniem<span style=\"color: #993300\"><strong> pt\u00a0<\/strong>&#8220;<strong>Dzia\u0142ania zbiorowe: rola emocji, do\u015bwiadcze\u0144 i przekona\u0144 na temat \u015bwiata spo\u0142ecznego<\/strong>&#8220;<\/span> oraz <strong><span style=\"color: #993300\">dr hab. Monik\u0119 Wr\u00f3bel, prof. U\u0141<\/span> <\/strong>w roli dyskutantki.<\/p>\n<p style=\"text-align: justify\">Seminarium odb\u0119dzie si\u0119 <span style=\"color: #993300\"><b>26 listopada 2021 r. (pi\u0105tek) w godz. 12.00-13.30<\/b><\/span> na platformie Zoom. W celu otrzymania linku do spotkania prosimy o kontakt z sekretariatem Instytutu<br \/>\nna adres:\u00a0<span style=\"color: #0000ff\"><a style=\"color: #0000ff\" href=\"http:\/\/iss.uw.edu.pl\/en\/interdyscyplinarne-seminarium-instytutu-zajonca-21-05-2021\/e.morman@uw.edu.pl\">e.morman@uw.edu.pl<\/a><\/span><\/p>\n<p style=\"text-align: justify\"><span style=\"color: #0000ff\"><a style=\"color: #0000ff\" href=\"http:\/\/iss.uw.edu.pl\/wp-content\/uploads\/sites\/286\/2021\/11\/Abstrakt-wystapienia-dr-hab.-Tomasz-Besty-skonwertowany.pdf\">Abstrakt wyst\u0105pienia dr hab. Tomasz Besty<\/a><\/span><\/p>\n<p><\/p>","protected":false},"excerpt":{"rendered":"<p>Polski For the sake of viewer convenience, the content is shown below in the alternative language. You may click the link to switch the active language. Serdecznie zapraszamy na kolejne spotkanie w ramach Interdyscyplinarnego Seminarium Instytutu Zajonca, na kt\u00f3rym go\u015bci\u0107 b\u0119dziemy dr hab. Tomasza Beste,\u00a0prof. UG z wyst\u0105pieniem pt\u00a0&#8220;Dzia\u0142ania zbiorowe: rola emocji, do\u015bwiadcze\u0144 i przekona\u0144 na temat \u015bwiata spo\u0142ecznego&#8220; oraz dr hab. Monik\u0119 Wr\u00f3bel, prof. U\u0141 w roli dyskutantki. Seminarium [&hellip;]<\/p>\n","protected":false},"author":1114,"featured_media":0,"comment_status":"closed","ping_status":"closed","sticky":false,"template":"","format":"standard","meta":{"footnotes":"","_links_to":"","_links_to_target":""},"categories":[1],"tags":[],"class_list":["post-11243","post","type-post","status-publish","format-standard","hentry","category-bez-kategorii"],"acf":[],"_links":{"self":[{"href":"http:\/\/iss.uw.edu.pl\/en\/wp-json\/wp\/v2\/posts\/11243","targetHints":{"allow":["GET"]}}],"collection":[{"href":"http:\/\/iss.uw.edu.pl\/en\/wp-json\/wp\/v2\/posts"}],"about":[{"href":"http:\/\/iss.uw.edu.pl\/en\/wp-json\/wp\/v2\/types\/post"}],"author":[{"embeddable":true,"href":"http:\/\/iss.uw.edu.pl\/en\/wp-json\/wp\/v2\/users\/1114"}],"replies":[{"embeddable":true,"href":"http:\/\/iss.uw.edu.pl\/en\/wp-json\/wp\/v2\/comments?post=11243"}],"version-history":[{"count":4,"href":"http:\/\/iss.uw.edu.pl\/en\/wp-json\/wp\/v2\/posts\/11243\/revisions"}],"predecessor-version":[{"id":11248,"href":"http:\/\/iss.uw.edu.pl\/en\/wp-json\/wp\/v2\/posts\/11243\/revisions\/11248"}],"wp:attachment":[{"href":"http:\/\/iss.uw.edu.pl\/en\/wp-json\/wp\/v2\/media?parent=11243"}],"wp:term":[{"taxonomy":"category","embeddable":true,"href":"http:\/\/iss.uw.edu.pl\/en\/wp-json\/wp\/v2\/categories?post=11243"},{"taxonomy":"post_tag","embeddable":true,"href":"http:\/\/iss.uw.edu.pl\/en\/wp-json\/wp\/v2\/tags?post=11243"}],"curies":[{"name":"wp","href":"https:\/\/api.w.org\/{rel}","templated":true}]}}