{"id":5477,"date":"2014-12-03T23:53:16","date_gmt":"2014-12-03T22:53:16","guid":{"rendered":"http:\/\/www.iss.uw.edu.pl\/?p=5477"},"modified":"2014-12-03T23:53:16","modified_gmt":"2014-12-03T22:53:16","slug":"polska-jako-peryferie","status":"publish","type":"post","link":"http:\/\/iss.uw.edu.pl\/en\/polska-jako-peryferie\/","title":{"rendered":"Polska jako peryferie"},"content":{"rendered":"<p>ISS UW zaprasza na konferencj\u0119 pt. <strong>\u201ePolska jako peryferie\u201d,<\/strong> kt\u00f3ra odb\u0119dzie si\u0119 10 grudnia 2014 (\u015broda) w sali 256, w budynku Biblioteki UW (BUW) przy ul Dobrej\u00a0 56\/66 w godz. 11.00 &#8211; 16.15.\u00a0Prosimy o potwierdzenie udzia\u0142u w konferencji do dnia 8 grudnia\u00a0 godz. 12.00 na adres: <a href=\"mailto:issinfo@iss.uw.edu.pl\">issinfo@iss.uw.edu.pl<\/a>. \u00a0<a href=\"http:\/\/www.iss.uw.edu.pl\/wp-content\/uploads\/2013\/07\/Program-konferencji-Polska-jako-Peryferie.pdf\">Program konferencji Polska jako Peryferie<\/a><\/p>\n","protected":false},"excerpt":{"rendered":"<p>ISS UW zaprasza na konferencj\u0119 pt. \u201ePolska jako peryferie\u201d, kt\u00f3ra odb\u0119dzie si\u0119 10 grudnia 2014 (\u015broda) w sali 256, w budynku Biblioteki UW (BUW) przy ul Dobrej\u00a0 56\/66 w godz. 11.00 &#8211; 16.15.\u00a0Prosimy o potwierdzenie udzia\u0142u w konferencji do dnia 8 grudnia\u00a0 godz. 12.00 na adres: issinfo@iss.uw.edu.pl. \u00a0Program konferencji Polska jako Peryferie<\/p>\n","protected":false},"author":775,"featured_media":0,"comment_status":"closed","ping_status":"closed","sticky":false,"template":"","format":"standard","meta":{"footnotes":"","_links_to":"","_links_to_target":""},"categories":[7],"tags":[],"class_list":["post-5477","post","type-post","status-publish","format-standard","hentry","category-aktuanosci"],"acf":[],"_links":{"self":[{"href":"http:\/\/iss.uw.edu.pl\/en\/wp-json\/wp\/v2\/posts\/5477","targetHints":{"allow":["GET"]}}],"collection":[{"href":"http:\/\/iss.uw.edu.pl\/en\/wp-json\/wp\/v2\/posts"}],"about":[{"href":"http:\/\/iss.uw.edu.pl\/en\/wp-json\/wp\/v2\/types\/post"}],"author":[{"embeddable":true,"href":"http:\/\/iss.uw.edu.pl\/en\/wp-json\/wp\/v2\/users\/775"}],"replies":[{"embeddable":true,"href":"http:\/\/iss.uw.edu.pl\/en\/wp-json\/wp\/v2\/comments?post=5477"}],"version-history":[{"count":0,"href":"http:\/\/iss.uw.edu.pl\/en\/wp-json\/wp\/v2\/posts\/5477\/revisions"}],"wp:attachment":[{"href":"http:\/\/iss.uw.edu.pl\/en\/wp-json\/wp\/v2\/media?parent=5477"}],"wp:term":[{"taxonomy":"category","embeddable":true,"href":"http:\/\/iss.uw.edu.pl\/en\/wp-json\/wp\/v2\/categories?post=5477"},{"taxonomy":"post_tag","embeddable":true,"href":"http:\/\/iss.uw.edu.pl\/en\/wp-json\/wp\/v2\/tags?post=5477"}],"curies":[{"name":"wp","href":"https:\/\/api.w.org\/{rel}","templated":true}]}}