{"id":5645,"date":"2015-03-11T18:31:47","date_gmt":"2015-03-11T17:31:47","guid":{"rendered":"http:\/\/www.iss.uw.edu.pl\/?p=5645"},"modified":"2015-03-11T18:31:47","modified_gmt":"2015-03-11T17:31:47","slug":"panell-discoussion-on-the-m-kennedys-book-march-24-2015","status":"publish","type":"post","link":"http:\/\/iss.uw.edu.pl\/en\/panell-discoussion-on-the-m-kennedys-book-march-24-2015\/","title":{"rendered":"Book Panel Discussion on M.Kennedy&#8217;s &#8220;Globalizing Knowledge&#8221; &#8211; March 24, 2015"},"content":{"rendered":"<p>ISS UW cordially invites you for a Book Panel Discussion on <strong>Michael Kennedy\u2019s<\/strong> (Brown University)\u00a0new book\u00a0\u201e<em>Globalizing Knowledge: Intellectuals, Universities\u00a0and Publics in Transformation\u201d<\/em>\u00a0<a href=\"http:\/\/www.sup.org\/books\/title\/?id=24607\">http:\/\/www.sup.org\/books\/title\/?id=24607<\/a>\u00a0(Stanford University Press, 2014).<\/p>\n<p>The panel will take place in the Brudzi\u0144ski Hall (Sala Brudzi\u0144skiego) at the Kazimierz Palace (Pa\u0142ac Kazimierzowski),\u00a0ul. Krakowskie\u00a0Przedmie\u015bcie 26\/28, Warszawa,<strong>\u00a0March 24, 2015 r.\u00a0<\/strong>(Tuesday) at 5:30 m.\u00a0Participants:\u00a0Marta Bucholc\u00a0(Instytut Socjologii UW),\u00a0Edwin Bendyk\u00a0(Polityka &amp;\u00a0DELab\/ISS UW),\u00a0Micha\u0142\u00a0Sutowski\u00a0(Krytyka Polityczna).\u00a0The book will be introduced by\u00a0Tomasz\u00a0Zarycki\u00a0(ISS UW),\u00a0 while the discussion will be led by\u00a0Adam\u00a0Leszczy\u0144ski\u00a0(Gazeta\u00a0Wyborcza &amp; ISP PAN).\u00a0Copies of the book will be available for sale before and after the event at the entrace to the Brudzi\u0144ski hall.<\/p>\n<p><a href=\"http:\/\/www.iss.uw.edu.pl\/wp-content\/uploads\/2015\/03\/pid_24607.jpg\"><img loading=\"lazy\" decoding=\"async\" class=\"alignnone size-medium wp-image-5641\" src=\"http:\/\/www.iss.uw.edu.pl\/wp-content\/uploads\/2015\/03\/pid_24607-200x300.jpg\" alt=\"pid_24607\" width=\"200\" height=\"300\" \/><\/a><\/p>\n","protected":false},"excerpt":{"rendered":"<p>ISS UW cordially invites you for a Book Panel Discussion on Michael Kennedy\u2019s (Brown University)\u00a0new book\u00a0\u201eGlobalizing Knowledge: Intellectuals, Universities\u00a0and Publics in Transformation\u201d\u00a0http:\/\/www.sup.org\/books\/title\/?id=24607\u00a0(Stanford University Press, 2014). The panel will take place in the Brudzi\u0144ski Hall (Sala Brudzi\u0144skiego) at the Kazimierz Palace (Pa\u0142ac Kazimierzowski),\u00a0ul. Krakowskie\u00a0Przedmie\u015bcie 26\/28, Warszawa,\u00a0March 24, 2015 r.\u00a0(Tuesday) at 5:30 m.\u00a0Participants:\u00a0Marta Bucholc\u00a0(Instytut Socjologii UW),\u00a0Edwin Bendyk\u00a0(Polityka &amp;\u00a0DELab\/ISS UW),\u00a0Micha\u0142\u00a0Sutowski\u00a0(Krytyka Polityczna).\u00a0The book will be introduced by\u00a0Tomasz\u00a0Zarycki\u00a0(ISS UW),\u00a0 while the discussion will be led [&hellip;]<\/p>\n","protected":false},"author":775,"featured_media":0,"comment_status":"closed","ping_status":"closed","sticky":false,"template":"","format":"standard","meta":{"footnotes":"","_links_to":"","_links_to_target":""},"categories":[1],"tags":[],"class_list":["post-5645","post","type-post","status-publish","format-standard","hentry","category-bez-kategorii"],"acf":[],"_links":{"self":[{"href":"http:\/\/iss.uw.edu.pl\/en\/wp-json\/wp\/v2\/posts\/5645","targetHints":{"allow":["GET"]}}],"collection":[{"href":"http:\/\/iss.uw.edu.pl\/en\/wp-json\/wp\/v2\/posts"}],"about":[{"href":"http:\/\/iss.uw.edu.pl\/en\/wp-json\/wp\/v2\/types\/post"}],"author":[{"embeddable":true,"href":"http:\/\/iss.uw.edu.pl\/en\/wp-json\/wp\/v2\/users\/775"}],"replies":[{"embeddable":true,"href":"http:\/\/iss.uw.edu.pl\/en\/wp-json\/wp\/v2\/comments?post=5645"}],"version-history":[{"count":0,"href":"http:\/\/iss.uw.edu.pl\/en\/wp-json\/wp\/v2\/posts\/5645\/revisions"}],"wp:attachment":[{"href":"http:\/\/iss.uw.edu.pl\/en\/wp-json\/wp\/v2\/media?parent=5645"}],"wp:term":[{"taxonomy":"category","embeddable":true,"href":"http:\/\/iss.uw.edu.pl\/en\/wp-json\/wp\/v2\/categories?post=5645"},{"taxonomy":"post_tag","embeddable":true,"href":"http:\/\/iss.uw.edu.pl\/en\/wp-json\/wp\/v2\/tags?post=5645"}],"curies":[{"name":"wp","href":"https:\/\/api.w.org\/{rel}","templated":true}]}}