{"id":6352,"date":"2012-11-04T18:47:57","date_gmt":"2012-11-04T18:47:57","guid":{"rendered":"http:\/\/karolinadudek.eu\/nowy\/?p=195"},"modified":"2012-11-04T18:47:57","modified_gmt":"2012-11-04T18:47:57","slug":"wystapienie-dr-praszkiera","status":"publish","type":"post","link":"http:\/\/iss.uw.edu.pl\/en\/wystapienie-dr-praszkiera\/","title":{"rendered":"Co powoduje, \u017ce niekt\u00f3re transformacje spo\u0142eczne s\u0105 trwa\u0142e i g\u0142\u0119bokie?"},"content":{"rendered":"<p>Prof. Andrzej Blikle wraz z Instytutem Studi\u00f3w Spo\u0142ecznych UW jako wsp\u00f3\u0142organizatorem merytorycznym spotkania zapraszaj\u0105 na wyst\u0105pienie dr Ryszarda Praszkiera &#8220;Co powoduje, \u017ce niekt\u00f3re transformacje spo\u0142eczne s\u0105 trwa\u0142e i g\u0142\u0119bokie? Kapita\u0142 spo\u0142eczny na przyk\u0142adzie polskiej podziemnej Solidarno\u015bci, ameryka\u0144skiego Ruchu Praw Obywatelskich oraz pokojowych przemian w Kraju Bask\u00f3w&#8221;. Spotkanie odb\u0119dzie si\u0119 w ramach konwersatorium &#8220;Kompleksowe zarz\u0105dzanie jako\u015bci\u0105&#8221;<\/p>\n<p>13 grudnia 2012, czwartek, godz. 16:00 ? 20:00.<\/p>\n<p>Adres: O\u015brodek Rozwoju Edukacji Al. Ujazdowskie 28.<\/p>\n<p>Wst\u0119p wolny.<\/p>\n<p>Wi\u0119cej informacji <a href=\"http:\/\/www.iss.uw.edu.pl\/doc\/Konwersatorium13gru2012bis.pdf\">(link)<\/a><\/p>\n","protected":false},"excerpt":{"rendered":"<p>Prof. Andrzej Blikle wraz z Instytutem Studi\u00f3w Spo\u0142ecznych UW jako wsp\u00f3\u0142organizatorem merytorycznym spotkania zapraszaj\u0105 na wyst\u0105pienie dr Ryszarda Praszkiera &#8220;Co powoduje, \u017ce niekt\u00f3re transformacje spo\u0142eczne s\u0105 trwa\u0142e i g\u0142\u0119bokie? Kapita\u0142 spo\u0142eczny na przyk\u0142adzie polskiej podziemnej Solidarno\u015bci, ameryka\u0144skiego Ruchu Praw Obywatelskich oraz pokojowych przemian w Kraju Bask\u00f3w&#8221;. Spotkanie odb\u0119dzie si\u0119 w ramach konwersatorium &#8220;Kompleksowe zarz\u0105dzanie jako\u015bci\u0105&#8221; 13 grudnia 2012, czwartek, godz. 16:00 ? 20:00. Adres: O\u015brodek Rozwoju Edukacji Al. Ujazdowskie 28. [&hellip;]<\/p>\n","protected":false},"author":761,"featured_media":0,"comment_status":"open","ping_status":"open","sticky":false,"template":"","format":"standard","meta":{"footnotes":"","_links_to":"","_links_to_target":""},"categories":[7],"tags":[],"class_list":["post-6352","post","type-post","status-publish","format-standard","hentry","category-aktuanosci"],"acf":[],"_links":{"self":[{"href":"http:\/\/iss.uw.edu.pl\/en\/wp-json\/wp\/v2\/posts\/6352","targetHints":{"allow":["GET"]}}],"collection":[{"href":"http:\/\/iss.uw.edu.pl\/en\/wp-json\/wp\/v2\/posts"}],"about":[{"href":"http:\/\/iss.uw.edu.pl\/en\/wp-json\/wp\/v2\/types\/post"}],"author":[{"embeddable":true,"href":"http:\/\/iss.uw.edu.pl\/en\/wp-json\/wp\/v2\/users\/761"}],"replies":[{"embeddable":true,"href":"http:\/\/iss.uw.edu.pl\/en\/wp-json\/wp\/v2\/comments?post=6352"}],"version-history":[{"count":0,"href":"http:\/\/iss.uw.edu.pl\/en\/wp-json\/wp\/v2\/posts\/6352\/revisions"}],"wp:attachment":[{"href":"http:\/\/iss.uw.edu.pl\/en\/wp-json\/wp\/v2\/media?parent=6352"}],"wp:term":[{"taxonomy":"category","embeddable":true,"href":"http:\/\/iss.uw.edu.pl\/en\/wp-json\/wp\/v2\/categories?post=6352"},{"taxonomy":"post_tag","embeddable":true,"href":"http:\/\/iss.uw.edu.pl\/en\/wp-json\/wp\/v2\/tags?post=6352"}],"curies":[{"name":"wp","href":"https:\/\/api.w.org\/{rel}","templated":true}]}}